{"id":234,"date":"2023-06-06T07:20:06","date_gmt":"2023-06-06T05:20:06","guid":{"rendered":"https:\/\/siaghum.fr\/?p=234"},"modified":"2025-08-10T14:41:23","modified_gmt":"2025-08-10T12:41:23","slug":"234","status":"publish","type":"post","link":"https:\/\/lesattelagesdupilat.com\/index.php\/2023\/06\/06\/234\/","title":{"rendered":""},"content":{"rendered":"\n<h2 class=\"wp-block-heading alignfull has-text-align-center\">Accueil<\/h2>\n\n\n\n<div style=\"height:30px\" aria-hidden=\"true\" class=\"wp-block-spacer\"><\/div>\n\n\n<div class=\"wp-block-image\">\n<figure class=\"aligncenter size-large is-resized\"><img loading=\"lazy\" decoding=\"async\" width=\"1024\" height=\"685\" src=\"http:\/\/lesattelagesdupilat.com\/wp-content\/uploads\/2023\/07\/cropped-Screenshot_2023-07-21-08-55-33-845_com.adobe_.lrmobile-1024x685.jpg\" alt=\"balade \u00e0 cheval, pilat, pilatourisme, pilat tourisme,\nbalade en cal\u00e8ches, balade Loire, balade Rh\u00f4ne, balade Ard\u00e8che, les attelages du pilat, cheval, chevaux, balade anniversaire, avg, avf, balade de groupe, briat cecilia\" class=\"wp-image-776\" style=\"width:582px;height:auto\" srcset=\"https:\/\/lesattelagesdupilat.com\/wp-content\/uploads\/2023\/07\/cropped-Screenshot_2023-07-21-08-55-33-845_com.adobe_.lrmobile-1024x685.jpg 1024w, https:\/\/lesattelagesdupilat.com\/wp-content\/uploads\/2023\/07\/cropped-Screenshot_2023-07-21-08-55-33-845_com.adobe_.lrmobile-300x201.jpg 300w, https:\/\/lesattelagesdupilat.com\/wp-content\/uploads\/2023\/07\/cropped-Screenshot_2023-07-21-08-55-33-845_com.adobe_.lrmobile-768x514.jpg 768w, https:\/\/lesattelagesdupilat.com\/wp-content\/uploads\/2023\/07\/cropped-Screenshot_2023-07-21-08-55-33-845_com.adobe_.lrmobile-1536x1027.jpg 1536w, https:\/\/lesattelagesdupilat.com\/wp-content\/uploads\/2023\/07\/cropped-Screenshot_2023-07-21-08-55-33-845_com.adobe_.lrmobile-449x300.jpg 449w, https:\/\/lesattelagesdupilat.com\/wp-content\/uploads\/2023\/07\/cropped-Screenshot_2023-07-21-08-55-33-845_com.adobe_.lrmobile-600x401.jpg 600w, https:\/\/lesattelagesdupilat.com\/wp-content\/uploads\/2023\/07\/cropped-Screenshot_2023-07-21-08-55-33-845_com.adobe_.lrmobile.jpg 1615w\" sizes=\"auto, (max-width: 1024px) 100vw, 1024px\" \/><\/figure>\n<\/div>\n\n\n<div style=\"height:50px\" aria-hidden=\"true\" class=\"wp-block-spacer\"><\/div>\n\n\n\n<hr class=\"wp-block-separator has-alpha-channel-opacity\"\/>\n\n\n\n<div style=\"height:50px\" aria-hidden=\"true\" class=\"wp-block-spacer\"><\/div>\n\n\n\n<p><mark style=\"background-color:rgba(0, 0, 0, 0)\" class=\"has-inline-color has-headings-color\">Bienvenue aux Attelages du Pilat<\/mark><\/p>\n\n\n\n<p>Des balades en cal\u00e8che pour petits et grands, entre nature, partage et d\u00e9couvertes locales<\/p>\n\n\n\n<p>Envie de prendre le temps, de vous reconnecter \u00e0 la nature et de vivre un moment hors du temps ? On vous emm\u00e8ne en balade\u2026 au rythme tranquille de nos chevaux.<\/p>\n\n\n\n<p>Install\u00e9s \u00e0 Chuyer, au c\u0153ur du Parc naturel r\u00e9gional du Pilat, on vous propose des sorties en cal\u00e8che conviviales, authentiques, et toujours pleines de bonne humeur !<\/p>\n\n\n\n<p>&#8212;<\/p>\n\n\n\n<figure class=\"wp-block-image size-large is-resized\"><img loading=\"lazy\" decoding=\"async\" width=\"1024\" height=\"691\" src=\"http:\/\/lesattelagesdupilat.com\/wp-content\/uploads\/2023\/06\/1000010837-1024x691.jpg\" alt=\"\" class=\"wp-image-923\" style=\"width:747px;height:auto\" srcset=\"https:\/\/lesattelagesdupilat.com\/wp-content\/uploads\/2023\/06\/1000010837-1024x691.jpg 1024w, https:\/\/lesattelagesdupilat.com\/wp-content\/uploads\/2023\/06\/1000010837-300x202.jpg 300w, https:\/\/lesattelagesdupilat.com\/wp-content\/uploads\/2023\/06\/1000010837-768x518.jpg 768w, https:\/\/lesattelagesdupilat.com\/wp-content\/uploads\/2023\/06\/1000010837-1536x1036.jpg 1536w, https:\/\/lesattelagesdupilat.com\/wp-content\/uploads\/2023\/06\/1000010837-445x300.jpg 445w, https:\/\/lesattelagesdupilat.com\/wp-content\/uploads\/2023\/06\/1000010837-600x405.jpg 600w, https:\/\/lesattelagesdupilat.com\/wp-content\/uploads\/2023\/06\/1000010837.jpg 1809w\" sizes=\"auto, (max-width: 1024px) 100vw, 1024px\" \/><\/figure>\n\n\n\n<div style=\"height:53px\" aria-hidden=\"true\" class=\"wp-block-spacer\"><\/div>\n\n\n\n<p><font style=\"vertical-align: inherit;\"><font style=\"vertical-align: inherit;\"><strong>Balades p\u00e9dagogiques <\/strong>(1h) :<\/font><\/font><\/p>\n\n\n\n<p><font style=\"vertical-align: inherit;\"><font style=\"vertical-align: inherit;\">Cette formule est parfaite pour les familles avec enfants ou toute personne curieuse de d\u00e9couvrir le monde des chevaux de trait et de l&#8217;attelage.<\/font><\/font><\/p>\n\n\n\n<p>Avant de partir en balade, on prend le temps de faire connaissance avec les chevaux : on parle de leurs soins, de leur caract\u00e8re, du mat\u00e9riel utilis\u00e9\u2026 Vous pourrez m\u00eame participer \u00e0 la pr\u00e9paration si vous le souhaitez !<\/p>\n\n\n\n<p><font style=\"vertical-align: inherit;\"><font style=\"vertical-align: inherit;\">Ensuite, place \u00e0 la promenade au c\u0153ur de la campagne, jolis points de vue sur les monts du Pilat. Tout au long du trajet, je serai la pour r\u00e9pond \u00e0 toutes vos questions dans une ambiance d\u00e9tendue et chaleureuse.<\/font><\/font><\/p>\n\n\n\n<p>&#8212;<\/p>\n\n\n\n<figure class=\"wp-block-gallery has-nested-images columns-default is-cropped wp-block-gallery-1 is-layout-flex wp-block-gallery-is-layout-flex\">\n<figure class=\"wp-block-image size-large\"><img loading=\"lazy\" decoding=\"async\" width=\"1024\" height=\"691\" data-id=\"917\" src=\"https:\/\/lesattelagesdupilat.com\/wp-content\/uploads\/2023\/06\/1000010788-1024x691.jpg\" alt=\"\" class=\"wp-image-917\" srcset=\"https:\/\/lesattelagesdupilat.com\/wp-content\/uploads\/2023\/06\/1000010788-1024x691.jpg 1024w, https:\/\/lesattelagesdupilat.com\/wp-content\/uploads\/2023\/06\/1000010788-300x202.jpg 300w, https:\/\/lesattelagesdupilat.com\/wp-content\/uploads\/2023\/06\/1000010788-768x518.jpg 768w, https:\/\/lesattelagesdupilat.com\/wp-content\/uploads\/2023\/06\/1000010788-1536x1036.jpg 1536w, https:\/\/lesattelagesdupilat.com\/wp-content\/uploads\/2023\/06\/1000010788-445x300.jpg 445w, https:\/\/lesattelagesdupilat.com\/wp-content\/uploads\/2023\/06\/1000010788-600x405.jpg 600w, https:\/\/lesattelagesdupilat.com\/wp-content\/uploads\/2023\/06\/1000010788.jpg 1809w\" sizes=\"auto, (max-width: 1024px) 100vw, 1024px\" \/><\/figure>\n\n\n\n<figure class=\"wp-block-image size-large\"><img loading=\"lazy\" decoding=\"async\" width=\"777\" height=\"1024\" data-id=\"916\" src=\"https:\/\/lesattelagesdupilat.com\/wp-content\/uploads\/2023\/06\/1000010780-777x1024.jpg\" alt=\"\" class=\"wp-image-916\" srcset=\"https:\/\/lesattelagesdupilat.com\/wp-content\/uploads\/2023\/06\/1000010780-777x1024.jpg 777w, https:\/\/lesattelagesdupilat.com\/wp-content\/uploads\/2023\/06\/1000010780-228x300.jpg 228w, https:\/\/lesattelagesdupilat.com\/wp-content\/uploads\/2023\/06\/1000010780-768x1012.jpg 768w, https:\/\/lesattelagesdupilat.com\/wp-content\/uploads\/2023\/06\/1000010780-1165x1536.jpg 1165w, https:\/\/lesattelagesdupilat.com\/wp-content\/uploads\/2023\/06\/1000010780-600x791.jpg 600w, https:\/\/lesattelagesdupilat.com\/wp-content\/uploads\/2023\/06\/1000010780.jpg 1220w\" sizes=\"auto, (max-width: 777px) 100vw, 777px\" \/><\/figure>\n\n\n\n<figure class=\"wp-block-image size-large\"><img loading=\"lazy\" decoding=\"async\" width=\"768\" height=\"1024\" data-id=\"918\" src=\"https:\/\/lesattelagesdupilat.com\/wp-content\/uploads\/2023\/06\/1000010782-768x1024.jpg\" alt=\"\" class=\"wp-image-918\" srcset=\"https:\/\/lesattelagesdupilat.com\/wp-content\/uploads\/2023\/06\/1000010782-768x1024.jpg 768w, https:\/\/lesattelagesdupilat.com\/wp-content\/uploads\/2023\/06\/1000010782-225x300.jpg 225w, https:\/\/lesattelagesdupilat.com\/wp-content\/uploads\/2023\/06\/1000010782-1152x1536.jpg 1152w, https:\/\/lesattelagesdupilat.com\/wp-content\/uploads\/2023\/06\/1000010782-1536x2048.jpg 1536w, https:\/\/lesattelagesdupilat.com\/wp-content\/uploads\/2023\/06\/1000010782-600x800.jpg 600w, https:\/\/lesattelagesdupilat.com\/wp-content\/uploads\/2023\/06\/1000010782-scaled.jpg 1920w\" sizes=\"auto, (max-width: 768px) 100vw, 768px\" \/><\/figure>\n<\/figure>\n\n\n\n<div style=\"height:41px\" aria-hidden=\"true\" class=\"wp-block-spacer\"><\/div>\n\n\n\n<p><font style=\"vertical-align: inherit;\"><font style=\"vertical-align: inherit;\"><strong>Balades d\u00e9gustation<\/strong> (2h) : l&#8217;exp\u00e9rience compl\u00e8te avec vigneron<\/font><\/font><\/p>\n\n\n\n<p><font style=\"vertical-align: inherit;\"><font style=\"vertical-align: inherit;\">En plus de la balade, vous partirez \u00e0 la rencontre d&#8217;un vigneron passionn\u00e9. Il vous parlera de son m\u00e9tier, de ses vignes, de son vin\u2026 et bien s\u00fbr, une d\u00e9gustation vous attend ! Vins AOP, fromages, charcuteries, confitures, tout est local ou regional.<\/font><\/font><\/p>\n\n\n\n<p><strong>Au programme<\/strong> :<\/p>\n\n\n\n<p>D\u00e9part de la cave : nous partirons pour une promenade paisible en cal\u00e8che, tir\u00e9e par des chevaux de trait, \u00e0 la d\u00e9couverte des panoramas du Pilat.<\/p>\n\n\n\n<p>&nbsp;D\u00e9gustation de produits locaux et rencontre avec un artisan vigneron qui vous fera partager sa passion et ses cuv\u00e9es.&nbsp;<\/p>\n\n\n\n<p>&nbsp;Retour en cal\u00e8che, visite de la cave et possibilit\u00e9 de repartir avec quelques bouteilles.<\/p>\n\n\n\n<p><font style=\"vertical-align: inherit;\"><font style=\"vertical-align: inherit;\">C&#8217;est une balade qui fait plaisir aux yeux, au c\u0153ur\u2026 et aux papilles.<\/font><\/font><\/p>\n\n\n\n<p><\/p>\n","protected":false},"excerpt":{"rendered":"<p>Accueil Bienvenue aux Attelages du Pilat Des balades en cal\u00e8che pour petits et grands, entre nature, partage et d\u00e9couvertes locales Envie de prendre le temps, &hellip;<\/p>\n","protected":false},"author":1,"featured_media":0,"comment_status":"closed","ping_status":"closed","sticky":false,"template":"","format":"standard","meta":{"_monsterinsights_skip_tracking":false,"_monsterinsights_sitenote_active":false,"_monsterinsights_sitenote_note":"","_monsterinsights_sitenote_category":0,"footnotes":""},"categories":[16],"tags":[],"class_list":["post-234","post","type-post","status-publish","format-standard","hentry","category-non-classe"],"aioseo_notices":[],"_links":{"self":[{"href":"https:\/\/lesattelagesdupilat.com\/index.php\/wp-json\/wp\/v2\/posts\/234","targetHints":{"allow":["GET"]}}],"collection":[{"href":"https:\/\/lesattelagesdupilat.com\/index.php\/wp-json\/wp\/v2\/posts"}],"about":[{"href":"https:\/\/lesattelagesdupilat.com\/index.php\/wp-json\/wp\/v2\/types\/post"}],"author":[{"embeddable":true,"href":"https:\/\/lesattelagesdupilat.com\/index.php\/wp-json\/wp\/v2\/users\/1"}],"replies":[{"embeddable":true,"href":"https:\/\/lesattelagesdupilat.com\/index.php\/wp-json\/wp\/v2\/comments?post=234"}],"version-history":[{"count":29,"href":"https:\/\/lesattelagesdupilat.com\/index.php\/wp-json\/wp\/v2\/posts\/234\/revisions"}],"predecessor-version":[{"id":946,"href":"https:\/\/lesattelagesdupilat.com\/index.php\/wp-json\/wp\/v2\/posts\/234\/revisions\/946"}],"wp:attachment":[{"href":"https:\/\/lesattelagesdupilat.com\/index.php\/wp-json\/wp\/v2\/media?parent=234"}],"wp:term":[{"taxonomy":"category","embeddable":true,"href":"https:\/\/lesattelagesdupilat.com\/index.php\/wp-json\/wp\/v2\/categories?post=234"},{"taxonomy":"post_tag","embeddable":true,"href":"https:\/\/lesattelagesdupilat.com\/index.php\/wp-json\/wp\/v2\/tags?post=234"}],"curies":[{"name":"wp","href":"https:\/\/api.w.org\/{rel}","templated":true}]}}